{"id":2782,"date":"2023-11-28T12:56:30","date_gmt":"2023-11-28T10:56:30","guid":{"rendered":"https:\/\/micnordic.se\/?p=2782"},"modified":"2023-12-06T10:27:10","modified_gmt":"2023-12-06T08:27:10","slug":"mot-oss-pa-pmrexpo-i-koln-28-11-30-11-2023","status":"publish","type":"post","link":"https:\/\/micnordic.se\/en\/mot-oss-pa-pmrexpo-i-koln-28-11-30-11-2023\/","title":{"rendered":"M\u00f6t oss p\u00e5 PMRExpo i K\u00f6ln 28\/11-30\/11 2023"},"content":{"rendered":"<div data-elementor-type=\"wp-post\" data-elementor-id=\"2782\" class=\"elementor elementor-2782\" data-elementor-post-type=\"post\">\n\t\t\t\t\t\t<section data-particle_enable=\"false\" data-particle-mobile-disabled=\"false\" class=\"elementor-section elementor-top-section elementor-element elementor-element-cd2a5f6 elementor-section-height-min-height elementor-section-items-bottom elementor-section-boxed elementor-section-height-default\" data-id=\"cd2a5f6\" data-element_type=\"section\" data-e-type=\"section\" data-settings=\"{&quot;background_background&quot;:&quot;classic&quot;}\">\n\t\t\t\t\t\t\t<div class=\"elementor-background-overlay\"><\/div>\n\t\t\t\t\t\t\t<div class=\"elementor-container elementor-column-gap-wider\">\n\t\t\t\t\t<div class=\"elementor-column elementor-col-66 elementor-top-column elementor-element elementor-element-0cff4db\" data-id=\"0cff4db\" data-element_type=\"column\" data-e-type=\"column\">\n\t\t\t<div class=\"elementor-widget-wrap elementor-element-populated\">\n\t\t\t\t\t\t<div class=\"elementor-element elementor-element-8b8b9da elementor-widget elementor-widget-heading\" data-id=\"8b8b9da\" data-element_type=\"widget\" data-e-type=\"widget\" data-widget_type=\"heading.default\">\n\t\t\t\t<div class=\"elementor-widget-container\">\n\t\t\t\t\t<h1 class=\"elementor-heading-title elementor-size-default\">Meet us at PMRExpo in Cologne!<\/h1>\t\t\t\t<\/div>\n\t\t\t\t<\/div>\n\t\t\t\t\t<\/div>\n\t\t<\/div>\n\t\t\t\t<div class=\"elementor-column elementor-col-33 elementor-top-column elementor-element elementor-element-c9aff1e elementor-hidden-mobile\" data-id=\"c9aff1e\" data-element_type=\"column\" data-e-type=\"column\">\n\t\t\t<div class=\"elementor-widget-wrap\">\n\t\t\t\t\t\t\t<\/div>\n\t\t<\/div>\n\t\t\t\t\t<\/div>\n\t\t<\/section>\n\t\t\t\t<section data-particle_enable=\"false\" data-particle-mobile-disabled=\"false\" class=\"elementor-section elementor-top-section elementor-element elementor-element-d0605cb elementor-reverse-tablet elementor-reverse-mobile elementor-section-boxed elementor-section-height-default elementor-section-height-default\" data-id=\"d0605cb\" data-element_type=\"section\" data-e-type=\"section\" data-settings=\"{&quot;background_background&quot;:&quot;classic&quot;}\">\n\t\t\t\t\t\t<div class=\"elementor-container elementor-column-gap-wider\">\n\t\t\t\t\t<div class=\"elementor-column elementor-col-50 elementor-top-column elementor-element elementor-element-e1d07b1\" data-id=\"e1d07b1\" data-element_type=\"column\" data-e-type=\"column\">\n\t\t\t<div class=\"elementor-widget-wrap elementor-element-populated\">\n\t\t\t\t\t\t<div class=\"elementor-element elementor-element-62b4cef elementor-widget elementor-widget-text-editor\" data-id=\"62b4cef\" data-element_type=\"widget\" data-e-type=\"widget\" data-widget_type=\"text-editor.default\">\n\t\t\t\t<div class=\"elementor-widget-container\">\n\t\t\t\t\t\t\t\t\t<div>From 28 to 30 November, PMRExpo, Europe's leading trade fair for secure mobile communication, takes place. This is where the latest technical news is presented first, and of course we are there.<\/div><div>\u00a0<\/div><div>\u00c4r \u00e4ven du p\u00e5 plats s\u00e5 kan vi v\u00e4l ses! Sl\u00e5 Mats Larsson, grundare och \u00e4gare, en signal +4610-3445566 eller maila p\u00e5 <a href=\"mailto:mats.larsson@micnordic.se\">mats.larsson@micnordic.se<\/a> and we will decide the time and place.<\/div><p style=\"font-weight: 400;\">\u00a0<\/p>\t\t\t\t\t\t\t\t<\/div>\n\t\t\t\t<\/div>\n\t\t\t\t\t<\/div>\n\t\t<\/div>\n\t\t\t\t<div class=\"elementor-column elementor-col-50 elementor-top-column elementor-element elementor-element-b92264e\" data-id=\"b92264e\" data-element_type=\"column\" data-e-type=\"column\">\n\t\t\t<div class=\"elementor-widget-wrap elementor-element-populated\">\n\t\t\t\t\t\t<div class=\"elementor-element elementor-element-caef4d8 elementor-widget elementor-widget-image\" data-id=\"caef4d8\" data-element_type=\"widget\" data-e-type=\"widget\" data-widget_type=\"image.default\">\n\t\t\t\t<div class=\"elementor-widget-container\">\n\t\t\t\t\t\t\t\t\t\t\t\t\t\t\t<img fetchpriority=\"high\" decoding=\"async\" width=\"800\" height=\"532\" src=\"https:\/\/micnordic.se\/wp-content\/uploads\/2023\/11\/pmrexpo_22_001_013-2-1024x681.jpg\" class=\"attachment-large size-large wp-image-2783\" alt=\"\" srcset=\"https:\/\/micnordic.se\/wp-content\/uploads\/2023\/11\/pmrexpo_22_001_013-2-1024x681.jpg 1024w, https:\/\/micnordic.se\/wp-content\/uploads\/2023\/11\/pmrexpo_22_001_013-2-600x399.jpg 600w, https:\/\/micnordic.se\/wp-content\/uploads\/2023\/11\/pmrexpo_22_001_013-2-300x200.jpg 300w, https:\/\/micnordic.se\/wp-content\/uploads\/2023\/11\/pmrexpo_22_001_013-2-768x511.jpg 768w, https:\/\/micnordic.se\/wp-content\/uploads\/2023\/11\/pmrexpo_22_001_013-2-1536x1022.jpg 1536w, https:\/\/micnordic.se\/wp-content\/uploads\/2023\/11\/pmrexpo_22_001_013-2-18x12.jpg 18w, https:\/\/micnordic.se\/wp-content\/uploads\/2023\/11\/pmrexpo_22_001_013-2.jpg 2000w\" sizes=\"(max-width: 800px) 100vw, 800px\" \/>\t\t\t\t\t\t\t\t\t\t\t\t\t\t\t<\/div>\n\t\t\t\t<\/div>\n\t\t\t\t<div class=\"elementor-element elementor-element-6711f28 elementor-widget elementor-widget-spacer\" data-id=\"6711f28\" data-element_type=\"widget\" data-e-type=\"widget\" data-widget_type=\"spacer.default\">\n\t\t\t\t<div class=\"elementor-widget-container\">\n\t\t\t\t\t\t\t<div class=\"elementor-spacer\">\n\t\t\t<div class=\"elementor-spacer-inner\"><\/div>\n\t\t<\/div>\n\t\t\t\t\t\t<\/div>\n\t\t\t\t<\/div>\n\t\t\t\t\t<\/div>\n\t\t<\/div>\n\t\t\t\t\t<\/div>\n\t\t<\/section>\n\t\t\t\t<\/div>","protected":false},"excerpt":{"rendered":"<p>M\u00f6t oss p\u00e5 PMRExpo i K\u00f6ln! Den 28 t o m 30 november p\u00e5g\u00e5r PMRExpo, Europas ledande m\u00e4ssa n\u00e4r det g\u00e4ller s\u00e4ker mobil kommunikation. Det \u00e4r h\u00e4r de senaste tekniska nyheterna presenteras f\u00f6rst, och givetvis \u00e4r vi p\u00e5 plats.&nbsp;\u00c4r \u00e4ven du p\u00e5 plats s\u00e5 kan vi v\u00e4l ses! Sl\u00e5 Mats Larsson, grundare och \u00e4gare, en [&hellip;]<\/p>\n","protected":false},"author":1,"featured_media":2783,"comment_status":"closed","ping_status":"closed","sticky":false,"template":"","format":"standard","meta":{"_acf_changed":false,"footnotes":""},"categories":[13],"tags":[],"class_list":["post-2782","post","type-post","status-publish","format-standard","has-post-thumbnail","hentry","category-tidigare-event"],"acf":[],"_links":{"self":[{"href":"https:\/\/micnordic.se\/en\/wp-json\/wp\/v2\/posts\/2782","targetHints":{"allow":["GET"]}}],"collection":[{"href":"https:\/\/micnordic.se\/en\/wp-json\/wp\/v2\/posts"}],"about":[{"href":"https:\/\/micnordic.se\/en\/wp-json\/wp\/v2\/types\/post"}],"author":[{"embeddable":true,"href":"https:\/\/micnordic.se\/en\/wp-json\/wp\/v2\/users\/1"}],"replies":[{"embeddable":true,"href":"https:\/\/micnordic.se\/en\/wp-json\/wp\/v2\/comments?post=2782"}],"version-history":[{"count":8,"href":"https:\/\/micnordic.se\/en\/wp-json\/wp\/v2\/posts\/2782\/revisions"}],"predecessor-version":[{"id":2855,"href":"https:\/\/micnordic.se\/en\/wp-json\/wp\/v2\/posts\/2782\/revisions\/2855"}],"wp:featuredmedia":[{"embeddable":true,"href":"https:\/\/micnordic.se\/en\/wp-json\/wp\/v2\/media\/2783"}],"wp:attachment":[{"href":"https:\/\/micnordic.se\/en\/wp-json\/wp\/v2\/media?parent=2782"}],"wp:term":[{"taxonomy":"category","embeddable":true,"href":"https:\/\/micnordic.se\/en\/wp-json\/wp\/v2\/categories?post=2782"},{"taxonomy":"post_tag","embeddable":true,"href":"https:\/\/micnordic.se\/en\/wp-json\/wp\/v2\/tags?post=2782"}],"curies":[{"name":"wp","href":"https:\/\/api.w.org\/{rel}","templated":true}]}}