{"id":9412,"date":"2026-04-20T14:54:41","date_gmt":"2026-04-20T12:54:41","guid":{"rendered":"https:\/\/micnordic.se\/?p=9412"},"modified":"2026-04-20T14:54:42","modified_gmt":"2026-04-20T12:54:42","slug":"henrik-huss-gar-i-pension","status":"publish","type":"post","link":"https:\/\/micnordic.se\/en\/henrik-huss-gar-i-pension\/","title":{"rendered":"Henrik Huss g\u00e5r i pension \u2013 MIC Nordic blickar fram\u00e5t"},"content":{"rendered":"<div data-elementor-type=\"wp-post\" data-elementor-id=\"9412\" class=\"elementor elementor-9412\" data-elementor-post-type=\"post\">\n\t\t\t\t\t\t<section data-particle_enable=\"false\" data-particle-mobile-disabled=\"false\" class=\"elementor-section elementor-top-section elementor-element elementor-element-cd2a5f6 elementor-section-height-min-height elementor-section-items-bottom elementor-section-boxed elementor-section-height-default\" data-id=\"cd2a5f6\" data-element_type=\"section\" data-e-type=\"section\" data-settings=\"{&quot;background_background&quot;:&quot;classic&quot;}\">\n\t\t\t\t\t\t\t<div class=\"elementor-background-overlay\"><\/div>\n\t\t\t\t\t\t\t<div class=\"elementor-container elementor-column-gap-wider\">\n\t\t\t\t\t<div class=\"elementor-column elementor-col-66 elementor-top-column elementor-element elementor-element-0cff4db\" data-id=\"0cff4db\" data-element_type=\"column\" data-e-type=\"column\">\n\t\t\t<div class=\"elementor-widget-wrap elementor-element-populated\">\n\t\t\t\t\t\t<div class=\"elementor-element elementor-element-8b8b9da elementor-widget elementor-widget-heading\" data-id=\"8b8b9da\" data-element_type=\"widget\" data-e-type=\"widget\" data-widget_type=\"heading.default\">\n\t\t\t\t<div class=\"elementor-widget-container\">\n\t\t\t\t\t<h1 class=\"elementor-heading-title elementor-size-default\">Henrik Huss g\u00e5r i pension<\/h1>\t\t\t\t<\/div>\n\t\t\t\t<\/div>\n\t\t\t\t\t<\/div>\n\t\t<\/div>\n\t\t\t\t<div class=\"elementor-column elementor-col-33 elementor-top-column elementor-element elementor-element-c9aff1e elementor-hidden-mobile\" data-id=\"c9aff1e\" data-element_type=\"column\" data-e-type=\"column\">\n\t\t\t<div class=\"elementor-widget-wrap\">\n\t\t\t\t\t\t\t<\/div>\n\t\t<\/div>\n\t\t\t\t\t<\/div>\n\t\t<\/section>\n\t\t\t\t<section data-particle_enable=\"false\" data-particle-mobile-disabled=\"false\" class=\"elementor-section elementor-top-section elementor-element elementor-element-d0605cb elementor-reverse-tablet elementor-reverse-mobile elementor-section-boxed elementor-section-height-default elementor-section-height-default\" data-id=\"d0605cb\" data-element_type=\"section\" data-e-type=\"section\" data-settings=\"{&quot;background_background&quot;:&quot;classic&quot;}\">\n\t\t\t\t\t\t<div class=\"elementor-container elementor-column-gap-wider\">\n\t\t\t\t\t<div class=\"elementor-column elementor-col-50 elementor-top-column elementor-element elementor-element-e1d07b1\" data-id=\"e1d07b1\" data-element_type=\"column\" data-e-type=\"column\">\n\t\t\t<div class=\"elementor-widget-wrap elementor-element-populated\">\n\t\t\t\t\t\t<div class=\"elementor-element elementor-element-62b4cef elementor-widget elementor-widget-text-editor\" data-id=\"62b4cef\" data-element_type=\"widget\" data-e-type=\"widget\" data-widget_type=\"text-editor.default\">\n\t\t\t\t<div class=\"elementor-widget-container\">\n\t\t\t\t\t\t\t\t\t<h3 dir=\"auto\">Henrik Huss g\u00e5r i pension<br \/>\u2013 MIC Nordic blickar fram\u00e5t<\/h3><div dir=\"auto\">\u00a0<\/div><div dir=\"auto\"><div>Efter m\u00e5nga framg\u00e5ngsrika \u00e5r i bolaget g\u00e5r nu v\u00e5r VD Henrik Huss i pension. \u2028Henrik har med stort engagemang och tydligt ledarskap varit en viktig del i att forma MIC Nordic till den specialist inom inomhust\u00e4ckning och kommunikationsl\u00f6sningar vi \u00e4r idag. Vi vill rikta ett varmt tack f\u00f6r hans insatser och det avtryck han l\u00e4mnar efter sig.<\/div><div>\u00a0<\/div><div>I n\u00e4stan 20 \u00e5r har MIC Nordic hj\u00e4lpt fastighets\u00e4gare, myndigheter och verksamheter att s\u00e4kerst\u00e4lla stabil och p\u00e5litlig mobilt\u00e4ckning \u2013 i allt fr\u00e5n sjukhus och kontor till tunnlar och andra signal-kritiska milj\u00f6er. Det arbetet forts\u00e4tter med fullt fokus fram\u00e5t.<\/div><div>\u00a0<\/div><div>Vi st\u00e5r inf\u00f6r en sp\u00e4nnande fas d\u00e4r behovet av robust inomhust\u00e4ckning och 5G-l\u00f6sningar \u00f6kar, och d\u00e4r vi forts\u00e4tter utveckla v\u00e5ra erbjudanden inom design, installation och drift.<\/div><div>\u00a0<\/div><div>Som en del av detta p\u00e5b\u00f6rjar vi nu rekryteringen av en ny VD som kan ta vid och forts\u00e4tta driva bolaget fram\u00e5t.<\/div><\/div><div>\u00a0<\/div><div><a href=\"https:\/\/valegro.se\/lediga-tjanster\/279-vd-till-mic-nordic\/\" target=\"_blank\" rel=\"noopener\">L\u00e4s mer om tj\u00e4nsten och ans\u00f6k h\u00e4r!\u00a0<\/a><\/div>\t\t\t\t\t\t\t\t<\/div>\n\t\t\t\t<\/div>\n\t\t\t\t\t<\/div>\n\t\t<\/div>\n\t\t\t\t<div class=\"elementor-column elementor-col-50 elementor-top-column elementor-element elementor-element-b92264e\" data-id=\"b92264e\" data-element_type=\"column\" data-e-type=\"column\">\n\t\t\t<div class=\"elementor-widget-wrap elementor-element-populated\">\n\t\t\t\t\t\t<div class=\"elementor-element elementor-element-caef4d8 elementor-hidden-mobile elementor-widget elementor-widget-image\" data-id=\"caef4d8\" data-element_type=\"widget\" data-e-type=\"widget\" data-widget_type=\"image.default\">\n\t\t\t\t<div class=\"elementor-widget-container\">\n\t\t\t\t\t\t\t\t\t\t\t\t\t\t\t<img fetchpriority=\"high\" decoding=\"async\" width=\"800\" height=\"800\" src=\"https:\/\/micnordic.se\/wp-content\/uploads\/Henrik.jpg\" class=\"attachment-large size-large wp-image-8201\" alt=\"\" srcset=\"https:\/\/micnordic.se\/wp-content\/uploads\/Henrik.jpg 1000w, https:\/\/micnordic.se\/wp-content\/uploads\/Henrik-300x300.jpg 300w, https:\/\/micnordic.se\/wp-content\/uploads\/Henrik-150x150.jpg 150w, https:\/\/micnordic.se\/wp-content\/uploads\/Henrik-768x768.jpg 768w, https:\/\/micnordic.se\/wp-content\/uploads\/Henrik-12x12.jpg 12w, https:\/\/micnordic.se\/wp-content\/uploads\/Henrik-600x600.jpg 600w, https:\/\/micnordic.se\/wp-content\/uploads\/Henrik-100x100.jpg 100w\" sizes=\"(max-width: 800px) 100vw, 800px\" \/>\t\t\t\t\t\t\t\t\t\t\t\t\t\t\t<\/div>\n\t\t\t\t<\/div>\n\t\t\t\t<div class=\"elementor-element elementor-element-6711f28 elementor-hidden-mobile elementor-widget elementor-widget-spacer\" data-id=\"6711f28\" data-element_type=\"widget\" data-e-type=\"widget\" data-widget_type=\"spacer.default\">\n\t\t\t\t<div class=\"elementor-widget-container\">\n\t\t\t\t\t\t\t<div class=\"elementor-spacer\">\n\t\t\t<div class=\"elementor-spacer-inner\"><\/div>\n\t\t<\/div>\n\t\t\t\t\t\t<\/div>\n\t\t\t\t<\/div>\n\t\t\t\t\t<\/div>\n\t\t<\/div>\n\t\t\t\t\t<\/div>\n\t\t<\/section>\n\t\t\t\t<\/div>","protected":false},"excerpt":{"rendered":"<p>Efter m\u00e5nga framg\u00e5ngsrika \u00e5r i bolaget g\u00e5r nu v\u00e5r VD Henrik Huss i pension. \u2028<\/p>","protected":false},"author":1,"featured_media":8201,"comment_status":"closed","ping_status":"closed","sticky":false,"template":"","format":"standard","meta":{"_acf_changed":false,"footnotes":""},"categories":[10],"tags":[],"class_list":["post-9412","post","type-post","status-publish","format-standard","has-post-thumbnail","hentry","category-nyheter"],"acf":[],"_links":{"self":[{"href":"https:\/\/micnordic.se\/en\/wp-json\/wp\/v2\/posts\/9412","targetHints":{"allow":["GET"]}}],"collection":[{"href":"https:\/\/micnordic.se\/en\/wp-json\/wp\/v2\/posts"}],"about":[{"href":"https:\/\/micnordic.se\/en\/wp-json\/wp\/v2\/types\/post"}],"author":[{"embeddable":true,"href":"https:\/\/micnordic.se\/en\/wp-json\/wp\/v2\/users\/1"}],"replies":[{"embeddable":true,"href":"https:\/\/micnordic.se\/en\/wp-json\/wp\/v2\/comments?post=9412"}],"version-history":[{"count":1,"href":"https:\/\/micnordic.se\/en\/wp-json\/wp\/v2\/posts\/9412\/revisions"}],"predecessor-version":[{"id":9413,"href":"https:\/\/micnordic.se\/en\/wp-json\/wp\/v2\/posts\/9412\/revisions\/9413"}],"wp:featuredmedia":[{"embeddable":true,"href":"https:\/\/micnordic.se\/en\/wp-json\/wp\/v2\/media\/8201"}],"wp:attachment":[{"href":"https:\/\/micnordic.se\/en\/wp-json\/wp\/v2\/media?parent=9412"}],"wp:term":[{"taxonomy":"category","embeddable":true,"href":"https:\/\/micnordic.se\/en\/wp-json\/wp\/v2\/categories?post=9412"},{"taxonomy":"post_tag","embeddable":true,"href":"https:\/\/micnordic.se\/en\/wp-json\/wp\/v2\/tags?post=9412"}],"curies":[{"name":"wp","href":"https:\/\/api.w.org\/{rel}","templated":true}]}}